{"id":844,"date":"2018-06-05T11:51:21","date_gmt":"2018-06-05T09:51:21","guid":{"rendered":"http:\/\/www.karate-sochaczew.pl\/?p=844"},"modified":"2018-06-05T11:51:21","modified_gmt":"2018-06-05T09:51:21","slug":"xviii-puchar-polski-dzieci-w-gdansku-za-nami","status":"publish","type":"post","link":"http:\/\/www.karate-sochaczew.pl\/index.php\/2018\/06\/05\/xviii-puchar-polski-dzieci-w-gdansku-za-nami\/","title":{"rendered":"XVIII Puchar Polski Dzieci w Gda\u0144sku za nami."},"content":{"rendered":"<p>XVIII Puchar Polski Dzieci za nami. W Ergo Arena Gda\u0144sk startowa\u0142o 1000 zawodnik\u00f3w z kilkudziesi\u0119ciu klub\u00f3w z ca\u0142ego kraju. Karatecy z naszego &#8222;m\u0142odego&#8221;\u00a0<span class=\"_47e3 _5mfr\" title=\"Emotikon smile\"><img decoding=\"async\" loading=\"lazy\" class=\"img\" src=\"https:\/\/static.xx.fbcdn.net\/images\/emoji.php\/v9\/f4c\/1\/16\/1f642.png\" alt=\"\" width=\"16\" height=\"16\" \/><span class=\"_7oe\">\ud83d\ude42<\/span><\/span>\u00a0klubu debiutowali w imprezie tej rangi. Tym razem bez podium. Najdalej do \u0107wier\u0107fina\u0142\u00f3w po repasa\u017cach dotar\u0142 mimo kontuzji Kuba \u015awi\u0105tkowski. Z baga\u017cem do\u015bwiadczenia wracamy na sal\u0119 treningow\u0105 aby za rok bi\u0107 si\u0119 o medale. Dzi\u0119kujemy za wsparcie Rodzicom\u00a0<span class=\"_47e3 _5mfr\" title=\"Emotikon smile\"><img decoding=\"async\" loading=\"lazy\" class=\"img\" src=\"https:\/\/static.xx.fbcdn.net\/images\/emoji.php\/v9\/f4c\/1\/16\/1f642.png\" alt=\"\" width=\"16\" height=\"16\" \/><span class=\"_7oe\">\ud83d\ude42<\/span><\/span>\u00a0oraz wszystkim, kt\u00f3rzy trzymali za nas kciuki.<\/p>\n<p><img decoding=\"async\" loading=\"lazy\" class=\"aligncenter size-full wp-image-845\" src=\"http:\/\/www.karate-sochaczew.pl\/wp-content\/uploads\/2018\/06\/1.jpg\" alt=\"1\" width=\"960\" height=\"642\" srcset=\"http:\/\/www.karate-sochaczew.pl\/wp-content\/uploads\/2018\/06\/1.jpg 960w, http:\/\/www.karate-sochaczew.pl\/wp-content\/uploads\/2018\/06\/1-300x201.jpg 300w, http:\/\/www.karate-sochaczew.pl\/wp-content\/uploads\/2018\/06\/1-768x514.jpg 768w\" sizes=\"(max-width: 960px) 100vw, 960px\" \/><img decoding=\"async\" loading=\"lazy\" class=\"aligncenter size-full wp-image-846\" src=\"http:\/\/www.karate-sochaczew.pl\/wp-content\/uploads\/2018\/06\/2.jpg\" alt=\"2\" width=\"960\" height=\"322\" srcset=\"http:\/\/www.karate-sochaczew.pl\/wp-content\/uploads\/2018\/06\/2.jpg 960w, http:\/\/www.karate-sochaczew.pl\/wp-content\/uploads\/2018\/06\/2-300x101.jpg 300w, http:\/\/www.karate-sochaczew.pl\/wp-content\/uploads\/2018\/06\/2-768x258.jpg 768w\" sizes=\"(max-width: 960px) 100vw, 960px\" \/><img decoding=\"async\" loading=\"lazy\" class=\"aligncenter size-full wp-image-847\" src=\"http:\/\/www.karate-sochaczew.pl\/wp-content\/uploads\/2018\/06\/34345883_590950311289300_529736838177357824_n.jpg\" alt=\"34345883_590950311289300_529736838177357824_n\" width=\"960\" height=\"720\" srcset=\"http:\/\/www.karate-sochaczew.pl\/wp-content\/uploads\/2018\/06\/34345883_590950311289300_529736838177357824_n.jpg 960w, http:\/\/www.karate-sochaczew.pl\/wp-content\/uploads\/2018\/06\/34345883_590950311289300_529736838177357824_n-300x225.jpg 300w, http:\/\/www.karate-sochaczew.pl\/wp-content\/uploads\/2018\/06\/34345883_590950311289300_529736838177357824_n-768x576.jpg 768w\" sizes=\"(max-width: 960px) 100vw, 960px\" \/><img decoding=\"async\" loading=\"lazy\" class=\"aligncenter size-full wp-image-848\" src=\"http:\/\/www.karate-sochaczew.pl\/wp-content\/uploads\/2018\/06\/34066388_2068457666809783_951339765779660800_n.jpg\" alt=\"34066388_2068457666809783_951339765779660800_n\" width=\"720\" height=\"960\" srcset=\"http:\/\/www.karate-sochaczew.pl\/wp-content\/uploads\/2018\/06\/34066388_2068457666809783_951339765779660800_n.jpg 720w, http:\/\/www.karate-sochaczew.pl\/wp-content\/uploads\/2018\/06\/34066388_2068457666809783_951339765779660800_n-225x300.jpg 225w\" sizes=\"(max-width: 720px) 100vw, 720px\" \/><img decoding=\"async\" loading=\"lazy\" class=\"aligncenter size-full wp-image-849\" src=\"http:\/\/www.karate-sochaczew.pl\/wp-content\/uploads\/2018\/06\/34160179_2068457310143152_9099012762037649408_n.jpg\" alt=\"34160179_2068457310143152_9099012762037649408_n\" width=\"720\" height=\"960\" srcset=\"http:\/\/www.karate-sochaczew.pl\/wp-content\/uploads\/2018\/06\/34160179_2068457310143152_9099012762037649408_n.jpg 720w, http:\/\/www.karate-sochaczew.pl\/wp-content\/uploads\/2018\/06\/34160179_2068457310143152_9099012762037649408_n-225x300.jpg 225w\" sizes=\"(max-width: 720px) 100vw, 720px\" \/><img decoding=\"async\" loading=\"lazy\" class=\"aligncenter size-full wp-image-850\" src=\"http:\/\/www.karate-sochaczew.pl\/wp-content\/uploads\/2018\/06\/34016714_2114253805491677_4697461819613118464_n.jpg\" alt=\"34016714_2114253805491677_4697461819613118464_n\" width=\"960\" height=\"720\" srcset=\"http:\/\/www.karate-sochaczew.pl\/wp-content\/uploads\/2018\/06\/34016714_2114253805491677_4697461819613118464_n.jpg 960w, http:\/\/www.karate-sochaczew.pl\/wp-content\/uploads\/2018\/06\/34016714_2114253805491677_4697461819613118464_n-300x225.jpg 300w, http:\/\/www.karate-sochaczew.pl\/wp-content\/uploads\/2018\/06\/34016714_2114253805491677_4697461819613118464_n-768x576.jpg 768w\" sizes=\"(max-width: 960px) 100vw, 960px\" \/><\/p>\n","protected":false},"excerpt":{"rendered":"<p>XVIII Puchar Polski Dzieci za nami. W Ergo Arena Gda\u0144sk startowa\u0142o 1000 zawodnik\u00f3w z kilkudziesi\u0119ciu klub\u00f3w z ca\u0142ego kraju. Karatecy z naszego &#8222;m\u0142odego&#8221;\u00a0\ud83d\ude42\u00a0klubu debiutowali w imprezie tej rangi. Tym razem bez podium. Najdalej do \u0107wier\u0107fina\u0142\u00f3w po repasa\u017cach dotar\u0142 mimo kontuzji Kuba \u015awi\u0105tkowski. Z baga\u017cem do\u015bwiadczenia wracamy na sal\u0119 treningow\u0105 aby za rok bi\u0107 si\u0119 o medale. Dzi\u0119kujemy za wsparcie Rodzicom\u00a0\ud83d\ude42\u00a0oraz<\/p>\n","protected":false},"author":1,"featured_media":0,"comment_status":"closed","ping_status":"closed","sticky":false,"template":"","format":"standard","meta":[],"categories":[1],"tags":[],"_links":{"self":[{"href":"http:\/\/www.karate-sochaczew.pl\/index.php\/wp-json\/wp\/v2\/posts\/844"}],"collection":[{"href":"http:\/\/www.karate-sochaczew.pl\/index.php\/wp-json\/wp\/v2\/posts"}],"about":[{"href":"http:\/\/www.karate-sochaczew.pl\/index.php\/wp-json\/wp\/v2\/types\/post"}],"author":[{"embeddable":true,"href":"http:\/\/www.karate-sochaczew.pl\/index.php\/wp-json\/wp\/v2\/users\/1"}],"replies":[{"embeddable":true,"href":"http:\/\/www.karate-sochaczew.pl\/index.php\/wp-json\/wp\/v2\/comments?post=844"}],"version-history":[{"count":1,"href":"http:\/\/www.karate-sochaczew.pl\/index.php\/wp-json\/wp\/v2\/posts\/844\/revisions"}],"predecessor-version":[{"id":851,"href":"http:\/\/www.karate-sochaczew.pl\/index.php\/wp-json\/wp\/v2\/posts\/844\/revisions\/851"}],"wp:attachment":[{"href":"http:\/\/www.karate-sochaczew.pl\/index.php\/wp-json\/wp\/v2\/media?parent=844"}],"wp:term":[{"taxonomy":"category","embeddable":true,"href":"http:\/\/www.karate-sochaczew.pl\/index.php\/wp-json\/wp\/v2\/categories?post=844"},{"taxonomy":"post_tag","embeddable":true,"href":"http:\/\/www.karate-sochaczew.pl\/index.php\/wp-json\/wp\/v2\/tags?post=844"}],"curies":[{"name":"wp","href":"https:\/\/api.w.org\/{rel}","templated":true}]}}