{"id":857,"date":"2018-06-13T12:31:01","date_gmt":"2018-06-13T10:31:01","guid":{"rendered":"http:\/\/www.karate-sochaczew.pl\/?p=857"},"modified":"2018-06-13T22:33:17","modified_gmt":"2018-06-13T20:33:17","slug":"mlodzi-karatecy-walczyli-o-puchar-burmistrza","status":"publish","type":"post","link":"http:\/\/www.karate-sochaczew.pl\/index.php\/2018\/06\/13\/mlodzi-karatecy-walczyli-o-puchar-burmistrza\/","title":{"rendered":"M\u0142odzi karatecy walczyli o puchar burmistrza"},"content":{"rendered":"<p class=\"Standard\" style=\"text-align: justify; text-justify: inter-ideograph;\">W hali sportowej sochaczewskiego Miejskiego O\u015brodka Sportu i Rekreacji przy ul. Chopina 101 odby\u0142y si\u0119 w niedziel\u0119 10 czerwca II Mistrzostwa Klubu Karate Sochaczew. Wzi\u0119\u0142a w niech udzia\u0142 oko\u0142o setka m\u0142odych adept\u00f3w karate tradycyjnego.<\/p>\n<p class=\"Standard\" style=\"text-align: justify; text-justify: inter-ideograph;\">Zawody rozegrane zosta\u0142y w 16 kategoriach z podzia\u0142em na p\u0142e\u0107 i wiek. Imprezie patronowa\u0142 burmistrz Sochaczewa Piotr Osiecki, kt\u00f3ry ufundowa\u0142 puchary dla zwyci\u0119zc\u00f3w.<\/p>\n<p class=\"Standard\" style=\"text-align: justify; text-justify: inter-ideograph;\">W mistrzostwach udzia\u0142 wzi\u0119\u0142o oko\u0142o stu karatek\u00f3w z wszystkich sekcji sochaczewskiego klubu, od przedszkolak\u00f3w pocz\u0105wszy, a najm\u0142odsza zawodniczka mia\u0142a zaledwie 4 lata.<\/p>\n<p class=\"Standard\" style=\"text-align: justify; text-justify: inter-ideograph;\">Poziom start\u00f3w, nawet w turnieju pierwszego kroku, sta\u0142 na bardzo dobrym poziomie. Dzieci walczy\u0142y w formule bez kontaktu, a ich zmagania oceniali licencjonowani s\u0119dziowie PZKT. Ka\u017cdy ze startuj\u0105cych wykaza\u0142 ogromna wol\u0119 walki. Mimo m\u0142odego wieku, zawodnicy r\u00f3wnie dobrze przyjmowali zwyci\u0119stwa, co radzili sobie z pora\u017ckami.<\/p>\n<p class=\"Standard\" style=\"text-align: justify; text-justify: inter-ideograph;\">&#8211; Dzi\u0119kujemy wszystkim za udzia\u0142, dobr\u0105 zabaw\u0119, rywalizacj\u0119 i za pomoc. Specjalne podzi\u0119kowania dla pana burmistrza Piotra Osieckiego i pani Agaty Kali\u0144skiej z Wydzia\u0142u Sportu i Organizacji Pozarz\u0105dowych Urz\u0119du Miasta, s\u0119dzi\u00f3w kt\u00f3rzy zapewnili sprawne przeprowadzenie zawod\u00f3w, czyli Adrianny Bromek, Macieja Medy\u0144skiego, Norberta Pawlika, Damiana Falkowskiego, Mateusza Wanata oraz Marcina Sokoli\u0144skiego. Nie mo\u017cna te\u017c nie wspomnie\u0107 o Rafale \u015awi\u0105tkowskim, kt\u00f3ry bardzo pom\u00f3g\u0142 w organizacji zawod\u00f3w. Za ufundowanie nagr\u00f3d dzi\u0119kuj\u0119 pizzerii Atmosfera.<\/p>\n<p class=\"Standard\" style=\"text-align: justify; text-justify: inter-ideograph;\">Pragniemy aby Mistrzostwa Karate Klubu Sochaczew oraz Turniej Rodzinny sta\u0142y si\u0119 imprezami cyklicznymi. Aby co roku by\u0142y pewnego rodzaju podsumowaniem cyklu szkoleniowego w klubie, oraz okazj\u0105 do dobrej zabawy i integracji. Karate Klub Sochaczew jest jedn\u0105 z najdynamiczniej rozwijaj\u0105cych si\u0119 organizacji w naszym mie\u015bcie, dlatego liczymy, \u017ce w przysz\u0142ym roku startuj\u0105cych karatek\u00f3w b\u0119dzie jeszcze wi\u0119cej, a co za tym idzie przyb\u0119dzie te\u017c dru\u017cyn rodzinnych.\u00a0<img decoding=\"async\" loading=\"lazy\" class=\"aligncenter size-full wp-image-858\" src=\"http:\/\/www.karate-sochaczew.pl\/wp-content\/uploads\/2018\/06\/111.jpg\" alt=\"111\" width=\"4160\" height=\"3120\" srcset=\"http:\/\/www.karate-sochaczew.pl\/wp-content\/uploads\/2018\/06\/111.jpg 4160w, http:\/\/www.karate-sochaczew.pl\/wp-content\/uploads\/2018\/06\/111-300x225.jpg 300w, http:\/\/www.karate-sochaczew.pl\/wp-content\/uploads\/2018\/06\/111-768x576.jpg 768w, http:\/\/www.karate-sochaczew.pl\/wp-content\/uploads\/2018\/06\/111-1024x768.jpg 1024w\" sizes=\"(max-width: 4160px) 100vw, 4160px\" \/><img decoding=\"async\" loading=\"lazy\" class=\"aligncenter size-full wp-image-859\" src=\"http:\/\/www.karate-sochaczew.pl\/wp-content\/uploads\/2018\/06\/1111.jpg\" alt=\"1111\" width=\"4160\" height=\"3120\" srcset=\"http:\/\/www.karate-sochaczew.pl\/wp-content\/uploads\/2018\/06\/1111.jpg 4160w, http:\/\/www.karate-sochaczew.pl\/wp-content\/uploads\/2018\/06\/1111-300x225.jpg 300w, http:\/\/www.karate-sochaczew.pl\/wp-content\/uploads\/2018\/06\/1111-768x576.jpg 768w, http:\/\/www.karate-sochaczew.pl\/wp-content\/uploads\/2018\/06\/1111-1024x768.jpg 1024w\" sizes=\"(max-width: 4160px) 100vw, 4160px\" \/><img decoding=\"async\" loading=\"lazy\" class=\"aligncenter size-full wp-image-861\" src=\"http:\/\/www.karate-sochaczew.pl\/wp-content\/uploads\/2018\/06\/IMG_20180610_134254488.jpg\" alt=\"IMG_20180610_134254488\" width=\"4160\" height=\"3120\" srcset=\"http:\/\/www.karate-sochaczew.pl\/wp-content\/uploads\/2018\/06\/IMG_20180610_134254488.jpg 4160w, http:\/\/www.karate-sochaczew.pl\/wp-content\/uploads\/2018\/06\/IMG_20180610_134254488-300x225.jpg 300w, http:\/\/www.karate-sochaczew.pl\/wp-content\/uploads\/2018\/06\/IMG_20180610_134254488-768x576.jpg 768w, http:\/\/www.karate-sochaczew.pl\/wp-content\/uploads\/2018\/06\/IMG_20180610_134254488-1024x768.jpg 1024w\" sizes=\"(max-width: 4160px) 100vw, 4160px\" \/><img decoding=\"async\" loading=\"lazy\" class=\"aligncenter size-full wp-image-862\" src=\"http:\/\/www.karate-sochaczew.pl\/wp-content\/uploads\/2018\/06\/IMG_20180610_122810117.jpg\" alt=\"IMG_20180610_122810117\" width=\"4160\" height=\"3120\" srcset=\"http:\/\/www.karate-sochaczew.pl\/wp-content\/uploads\/2018\/06\/IMG_20180610_122810117.jpg 4160w, http:\/\/www.karate-sochaczew.pl\/wp-content\/uploads\/2018\/06\/IMG_20180610_122810117-300x225.jpg 300w, http:\/\/www.karate-sochaczew.pl\/wp-content\/uploads\/2018\/06\/IMG_20180610_122810117-768x576.jpg 768w, http:\/\/www.karate-sochaczew.pl\/wp-content\/uploads\/2018\/06\/IMG_20180610_122810117-1024x768.jpg 1024w\" sizes=\"(max-width: 4160px) 100vw, 4160px\" \/> <img decoding=\"async\" loading=\"lazy\" class=\"aligncenter size-full wp-image-863\" src=\"http:\/\/www.karate-sochaczew.pl\/wp-content\/uploads\/2018\/06\/turniej-rodz.jpg\" alt=\"turniej rodz\" width=\"960\" height=\"562\" srcset=\"http:\/\/www.karate-sochaczew.pl\/wp-content\/uploads\/2018\/06\/turniej-rodz.jpg 960w, http:\/\/www.karate-sochaczew.pl\/wp-content\/uploads\/2018\/06\/turniej-rodz-300x176.jpg 300w, http:\/\/www.karate-sochaczew.pl\/wp-content\/uploads\/2018\/06\/turniej-rodz-768x450.jpg 768w\" sizes=\"(max-width: 960px) 100vw, 960px\" \/><img decoding=\"async\" loading=\"lazy\" class=\"aligncenter size-full wp-image-864\" src=\"http:\/\/www.karate-sochaczew.pl\/wp-content\/uploads\/2018\/06\/wyniki-II-Mistrzostw-KK-Sochaczew-1-1.jpg\" alt=\"wyniki II Mistrzostw KK Sochaczew (1)-1\" width=\"1654\" height=\"2339\" srcset=\"http:\/\/www.karate-sochaczew.pl\/wp-content\/uploads\/2018\/06\/wyniki-II-Mistrzostw-KK-Sochaczew-1-1.jpg 1654w, http:\/\/www.karate-sochaczew.pl\/wp-content\/uploads\/2018\/06\/wyniki-II-Mistrzostw-KK-Sochaczew-1-1-212x300.jpg 212w, http:\/\/www.karate-sochaczew.pl\/wp-content\/uploads\/2018\/06\/wyniki-II-Mistrzostw-KK-Sochaczew-1-1-768x1086.jpg 768w, http:\/\/www.karate-sochaczew.pl\/wp-content\/uploads\/2018\/06\/wyniki-II-Mistrzostw-KK-Sochaczew-1-1-724x1024.jpg 724w\" sizes=\"(max-width: 1654px) 100vw, 1654px\" \/><\/p>\n","protected":false},"excerpt":{"rendered":"<p>W hali sportowej sochaczewskiego Miejskiego O\u015brodka Sportu i Rekreacji przy ul. Chopina 101 odby\u0142y si\u0119 w niedziel\u0119 10 czerwca II Mistrzostwa Klubu Karate Sochaczew. Wzi\u0119\u0142a w niech udzia\u0142 oko\u0142o setka m\u0142odych adept\u00f3w karate tradycyjnego. Zawody rozegrane zosta\u0142y w 16 kategoriach z podzia\u0142em na p\u0142e\u0107 i wiek. Imprezie patronowa\u0142 burmistrz Sochaczewa Piotr Osiecki, kt\u00f3ry ufundowa\u0142 puchary dla zwyci\u0119zc\u00f3w. W mistrzostwach udzia\u0142<\/p>\n","protected":false},"author":1,"featured_media":0,"comment_status":"closed","ping_status":"closed","sticky":false,"template":"","format":"standard","meta":[],"categories":[1],"tags":[],"_links":{"self":[{"href":"http:\/\/www.karate-sochaczew.pl\/index.php\/wp-json\/wp\/v2\/posts\/857"}],"collection":[{"href":"http:\/\/www.karate-sochaczew.pl\/index.php\/wp-json\/wp\/v2\/posts"}],"about":[{"href":"http:\/\/www.karate-sochaczew.pl\/index.php\/wp-json\/wp\/v2\/types\/post"}],"author":[{"embeddable":true,"href":"http:\/\/www.karate-sochaczew.pl\/index.php\/wp-json\/wp\/v2\/users\/1"}],"replies":[{"embeddable":true,"href":"http:\/\/www.karate-sochaczew.pl\/index.php\/wp-json\/wp\/v2\/comments?post=857"}],"version-history":[{"count":3,"href":"http:\/\/www.karate-sochaczew.pl\/index.php\/wp-json\/wp\/v2\/posts\/857\/revisions"}],"predecessor-version":[{"id":871,"href":"http:\/\/www.karate-sochaczew.pl\/index.php\/wp-json\/wp\/v2\/posts\/857\/revisions\/871"}],"wp:attachment":[{"href":"http:\/\/www.karate-sochaczew.pl\/index.php\/wp-json\/wp\/v2\/media?parent=857"}],"wp:term":[{"taxonomy":"category","embeddable":true,"href":"http:\/\/www.karate-sochaczew.pl\/index.php\/wp-json\/wp\/v2\/categories?post=857"},{"taxonomy":"post_tag","embeddable":true,"href":"http:\/\/www.karate-sochaczew.pl\/index.php\/wp-json\/wp\/v2\/tags?post=857"}],"curies":[{"name":"wp","href":"https:\/\/api.w.org\/{rel}","templated":true}]}}