{"id":86,"date":"2016-10-03T21:12:36","date_gmt":"2016-10-03T19:12:36","guid":{"rendered":"http:\/\/www.karate-sochaczew.pl\/?p=86"},"modified":"2018-06-12T09:32:47","modified_gmt":"2018-06-12T07:32:47","slug":"o-nas","status":"publish","type":"post","link":"http:\/\/www.karate-sochaczew.pl\/index.php\/2016\/10\/03\/o-nas\/","title":{"rendered":"O NAS"},"content":{"rendered":"<p><span style=\"font-weight: 400;\"><strong>Karate Klub Sochaczew<\/strong> jest stowarzyszeniem sportowym wpisanym pod pozycj\u0105 86 w rejestrze klub\u00f3w sportowych, stowarzysze\u0144 i uks Starostwa Powiatowego w Sochaczewie. Klub nasz jest r\u00f3wnie\u017c cz\u0142onkiem Polskiego Zwi\u0105zku Karate Tradycyjnego.<br \/>\n<\/span><\/p>\n<p><span style=\"font-weight: 400;\">G\u0142\u00f3wnym celem Klubu jest promowanie szeroko rozumianej aktywno\u015bci ruchowej, wszechstronnego rozwoju, g\u0142\u00f3wnie poprzez treningi Karate Tradycyjnego. <\/span><\/p>\n<p><span style=\"font-weight: 400;\">Na nasze zaj\u0119cia ucz\u0119szcza\u0107 mog\u0105 wszyscy bez wzgl\u0119du na wiek czy te\u017c stopie\u0144 sprawno\u015bci. \u00a0Ale przede wszystkim pracujemy z dzie\u0107mi i m\u0142odzie\u017c\u0105. Treningi rozpocz\u0105\u0107 mog\u0105 ju\u017c dzieci pi\u0119cioletnie, ch\u0142opcy i dziewczynki. \u00a0Na naszych zaj\u0119ciach zwracamy szczeg\u00f3ln\u0105 uwag\u0119 na etykiet\u0119, zasady i odpowiedni spos\u00f3b zachowania. Dlatego w\u0142a\u015bnie karate jest bardzo dobr\u0105 \u015bcie\u017ck\u0105 w kierunku odpowiedniego wychowania. Uczymy wzajemnego szacunku, pomagania s\u0142abszym, dyscypliny, systematyczno\u015bci i cierpliwo\u015bci w d\u0105\u017ceniu do celu. Regularne treningi karate poprawiaj\u0105 sprawno\u015b\u0107 fizyczn\u0105, koordynacj\u0119, niweluj\u0105 wady postawy. Od samego pocz\u0105tku zaznaczamy i zwracamy uwag\u0119 na to, i\u017c to czego uczymy na dojo \/ sala treningowa \/, jest narz\u0119dziem jedynie do samoobrony, kt\u00f3rego nie powinno si\u0119 u\u017cywa\u0107 bez powodu.<\/span><\/p>\n<p><strong>Zapraszamy na trening. Do\u0142\u0105cz do nas<\/strong><\/p>\n<p><span style=\"font-weight: 400;\">Oss<\/span><\/p>\n","protected":false},"excerpt":{"rendered":"<p>Karate Klub Sochaczew jest stowarzyszeniem sportowym wpisanym pod pozycj\u0105 86 w rejestrze klub\u00f3w sportowych, stowarzysze\u0144 i uks Starostwa Powiatowego w Sochaczewie. Klub nasz jest r\u00f3wnie\u017c cz\u0142onkiem Polskiego Zwi\u0105zku Karate Tradycyjnego. G\u0142\u00f3wnym celem Klubu jest promowanie szeroko rozumianej aktywno\u015bci ruchowej, wszechstronnego rozwoju, g\u0142\u00f3wnie poprzez treningi Karate Tradycyjnego. Na nasze zaj\u0119cia ucz\u0119szcza\u0107 mog\u0105 wszyscy bez wzgl\u0119du na wiek czy te\u017c stopie\u0144 sprawno\u015bci.<\/p>\n","protected":false},"author":1,"featured_media":0,"comment_status":"closed","ping_status":"closed","sticky":false,"template":"","format":"standard","meta":[],"categories":[13],"tags":[],"_links":{"self":[{"href":"http:\/\/www.karate-sochaczew.pl\/index.php\/wp-json\/wp\/v2\/posts\/86"}],"collection":[{"href":"http:\/\/www.karate-sochaczew.pl\/index.php\/wp-json\/wp\/v2\/posts"}],"about":[{"href":"http:\/\/www.karate-sochaczew.pl\/index.php\/wp-json\/wp\/v2\/types\/post"}],"author":[{"embeddable":true,"href":"http:\/\/www.karate-sochaczew.pl\/index.php\/wp-json\/wp\/v2\/users\/1"}],"replies":[{"embeddable":true,"href":"http:\/\/www.karate-sochaczew.pl\/index.php\/wp-json\/wp\/v2\/comments?post=86"}],"version-history":[{"count":5,"href":"http:\/\/www.karate-sochaczew.pl\/index.php\/wp-json\/wp\/v2\/posts\/86\/revisions"}],"predecessor-version":[{"id":855,"href":"http:\/\/www.karate-sochaczew.pl\/index.php\/wp-json\/wp\/v2\/posts\/86\/revisions\/855"}],"wp:attachment":[{"href":"http:\/\/www.karate-sochaczew.pl\/index.php\/wp-json\/wp\/v2\/media?parent=86"}],"wp:term":[{"taxonomy":"category","embeddable":true,"href":"http:\/\/www.karate-sochaczew.pl\/index.php\/wp-json\/wp\/v2\/categories?post=86"},{"taxonomy":"post_tag","embeddable":true,"href":"http:\/\/www.karate-sochaczew.pl\/index.php\/wp-json\/wp\/v2\/tags?post=86"}],"curies":[{"name":"wp","href":"https:\/\/api.w.org\/{rel}","templated":true}]}}