{"id":914,"date":"2018-08-23T11:18:17","date_gmt":"2018-08-23T09:18:17","guid":{"rendered":"http:\/\/www.karate-sochaczew.pl\/?p=914"},"modified":"2018-08-23T11:18:17","modified_gmt":"2018-08-23T09:18:17","slug":"letnia-akademia-karate-polkolonie-z-kk-sochaczew","status":"publish","type":"post","link":"http:\/\/www.karate-sochaczew.pl\/index.php\/2018\/08\/23\/letnia-akademia-karate-polkolonie-z-kk-sochaczew\/","title":{"rendered":"Letnia Akademia Karate &#8211; P\u00f3\u0142kolonie z KK Sochaczew"},"content":{"rendered":"<p>W dniach 6 &#8211; 10 sierpnia Karate Klub Sochaczew organizowa\u0142 Wakacje z Karate. W p\u00f3\u0142koloniach udzia\u0142 wzi\u0119\u0142o 30 os\u00f3b. Pi\u0119kna Letnia pogoda towarzyszy\u0142a nam do samego ko\u0144ca. Opr\u00f3cz trening\u00f3w karate, dzieci uczestniczy\u0142y w zaj\u0119ciach sportowych na sali szkolnej oraz na powietrzu. Byli\u015bmy m. in. w kinie, na basenie, w muzeum motoryzacji, na lodach oraz w pizzerii. W ramach atrakcji mieli\u015bmy okazj\u0119 wys\u0142ucha\u0107 wyk\u0142adu o bezpiecze\u0144stwie stra\u017cak\u00f3w z PSP Sochaczew, oraz obejrze\u0107 wozy bojowe Stra\u017cy Po\u017carnej. Warto r\u00f3wnie\u017c wspomnie\u0107 o warsztatach szachowych, w ramach kt\u00f3rych poznali\u015bmy tajniki tej ciekawej gry. Na koniec nasi p\u00f3\u0142koloni\u015bci zaprezentowali swoje talenty i umiej\u0119tno\u015bci podczas MAM TALENT. Dzia\u0142o si\u0119:). Nast\u0119pne p\u00f3\u0142kolonie w ferie. Zapraszamy<\/p>\n<p><img decoding=\"async\" loading=\"lazy\" class=\"aligncenter size-full wp-image-918\" src=\"http:\/\/www.karate-sochaczew.pl\/wp-content\/uploads\/2018\/08\/4.jpg\" alt=\"4\" width=\"4160\" height=\"3120\" srcset=\"http:\/\/www.karate-sochaczew.pl\/wp-content\/uploads\/2018\/08\/4.jpg 4160w, http:\/\/www.karate-sochaczew.pl\/wp-content\/uploads\/2018\/08\/4-300x225.jpg 300w, http:\/\/www.karate-sochaczew.pl\/wp-content\/uploads\/2018\/08\/4-768x576.jpg 768w, http:\/\/www.karate-sochaczew.pl\/wp-content\/uploads\/2018\/08\/4-1024x768.jpg 1024w\" sizes=\"(max-width: 4160px) 100vw, 4160px\" \/><img decoding=\"async\" loading=\"lazy\" class=\"aligncenter size-full wp-image-917\" src=\"http:\/\/www.karate-sochaczew.pl\/wp-content\/uploads\/2018\/08\/1.jpg\" alt=\"1\" width=\"3120\" height=\"4160\" srcset=\"http:\/\/www.karate-sochaczew.pl\/wp-content\/uploads\/2018\/08\/1.jpg 3120w, http:\/\/www.karate-sochaczew.pl\/wp-content\/uploads\/2018\/08\/1-225x300.jpg 225w, http:\/\/www.karate-sochaczew.pl\/wp-content\/uploads\/2018\/08\/1-768x1024.jpg 768w\" sizes=\"(max-width: 3120px) 100vw, 3120px\" \/><img decoding=\"async\" loading=\"lazy\" class=\"aligncenter size-full wp-image-919\" src=\"http:\/\/www.karate-sochaczew.pl\/wp-content\/uploads\/2018\/08\/20180807_110711.jpg\" alt=\"20180807_110711\" width=\"4160\" height=\"3120\" srcset=\"http:\/\/www.karate-sochaczew.pl\/wp-content\/uploads\/2018\/08\/20180807_110711.jpg 4160w, http:\/\/www.karate-sochaczew.pl\/wp-content\/uploads\/2018\/08\/20180807_110711-300x225.jpg 300w, http:\/\/www.karate-sochaczew.pl\/wp-content\/uploads\/2018\/08\/20180807_110711-768x576.jpg 768w, http:\/\/www.karate-sochaczew.pl\/wp-content\/uploads\/2018\/08\/20180807_110711-1024x768.jpg 1024w\" sizes=\"(max-width: 4160px) 100vw, 4160px\" \/><img decoding=\"async\" loading=\"lazy\" class=\"aligncenter size-full wp-image-920\" src=\"http:\/\/www.karate-sochaczew.pl\/wp-content\/uploads\/2018\/08\/20180807_110748.jpg\" alt=\"20180807_110748\" width=\"4160\" height=\"3120\" srcset=\"http:\/\/www.karate-sochaczew.pl\/wp-content\/uploads\/2018\/08\/20180807_110748.jpg 4160w, http:\/\/www.karate-sochaczew.pl\/wp-content\/uploads\/2018\/08\/20180807_110748-300x225.jpg 300w, http:\/\/www.karate-sochaczew.pl\/wp-content\/uploads\/2018\/08\/20180807_110748-768x576.jpg 768w, http:\/\/www.karate-sochaczew.pl\/wp-content\/uploads\/2018\/08\/20180807_110748-1024x768.jpg 1024w\" sizes=\"(max-width: 4160px) 100vw, 4160px\" \/><img decoding=\"async\" loading=\"lazy\" class=\"aligncenter size-full wp-image-921\" src=\"http:\/\/www.karate-sochaczew.pl\/wp-content\/uploads\/2018\/08\/20180807_111923.jpg\" alt=\"20180807_111923\" width=\"4160\" height=\"3120\" srcset=\"http:\/\/www.karate-sochaczew.pl\/wp-content\/uploads\/2018\/08\/20180807_111923.jpg 4160w, http:\/\/www.karate-sochaczew.pl\/wp-content\/uploads\/2018\/08\/20180807_111923-300x225.jpg 300w, http:\/\/www.karate-sochaczew.pl\/wp-content\/uploads\/2018\/08\/20180807_111923-768x576.jpg 768w, http:\/\/www.karate-sochaczew.pl\/wp-content\/uploads\/2018\/08\/20180807_111923-1024x768.jpg 1024w\" sizes=\"(max-width: 4160px) 100vw, 4160px\" \/><img decoding=\"async\" loading=\"lazy\" class=\"aligncenter size-full wp-image-922\" src=\"http:\/\/www.karate-sochaczew.pl\/wp-content\/uploads\/2018\/08\/20180807_111437.jpg\" alt=\"20180807_111437\" width=\"4160\" height=\"3120\" srcset=\"http:\/\/www.karate-sochaczew.pl\/wp-content\/uploads\/2018\/08\/20180807_111437.jpg 4160w, http:\/\/www.karate-sochaczew.pl\/wp-content\/uploads\/2018\/08\/20180807_111437-300x225.jpg 300w, http:\/\/www.karate-sochaczew.pl\/wp-content\/uploads\/2018\/08\/20180807_111437-768x576.jpg 768w, http:\/\/www.karate-sochaczew.pl\/wp-content\/uploads\/2018\/08\/20180807_111437-1024x768.jpg 1024w\" sizes=\"(max-width: 4160px) 100vw, 4160px\" \/><img decoding=\"async\" loading=\"lazy\" class=\"aligncenter size-full wp-image-923\" src=\"http:\/\/www.karate-sochaczew.pl\/wp-content\/uploads\/2018\/08\/38856428_2181805248811055_2045494899322650624_n.jpg\" alt=\"38856428_2181805248811055_2045494899322650624_n\" width=\"960\" height=\"540\" srcset=\"http:\/\/www.karate-sochaczew.pl\/wp-content\/uploads\/2018\/08\/38856428_2181805248811055_2045494899322650624_n.jpg 960w, http:\/\/www.karate-sochaczew.pl\/wp-content\/uploads\/2018\/08\/38856428_2181805248811055_2045494899322650624_n-300x169.jpg 300w, http:\/\/www.karate-sochaczew.pl\/wp-content\/uploads\/2018\/08\/38856428_2181805248811055_2045494899322650624_n-768x432.jpg 768w\" sizes=\"(max-width: 960px) 100vw, 960px\" \/><img decoding=\"async\" loading=\"lazy\" class=\"aligncenter size-full wp-image-924\" src=\"http:\/\/www.karate-sochaczew.pl\/wp-content\/uploads\/2018\/08\/1-1.jpg\" alt=\"1\" width=\"960\" height=\"540\" srcset=\"http:\/\/www.karate-sochaczew.pl\/wp-content\/uploads\/2018\/08\/1-1.jpg 960w, http:\/\/www.karate-sochaczew.pl\/wp-content\/uploads\/2018\/08\/1-1-300x169.jpg 300w, http:\/\/www.karate-sochaczew.pl\/wp-content\/uploads\/2018\/08\/1-1-768x432.jpg 768w\" sizes=\"(max-width: 960px) 100vw, 960px\" \/><img decoding=\"async\" loading=\"lazy\" class=\"aligncenter size-full wp-image-925\" src=\"http:\/\/www.karate-sochaczew.pl\/wp-content\/uploads\/2018\/08\/38802546_312116702867933_7681878209549303808_n.jpg\" alt=\"38802546_312116702867933_7681878209549303808_n\" width=\"960\" height=\"540\" srcset=\"http:\/\/www.karate-sochaczew.pl\/wp-content\/uploads\/2018\/08\/38802546_312116702867933_7681878209549303808_n.jpg 960w, http:\/\/www.karate-sochaczew.pl\/wp-content\/uploads\/2018\/08\/38802546_312116702867933_7681878209549303808_n-300x169.jpg 300w, http:\/\/www.karate-sochaczew.pl\/wp-content\/uploads\/2018\/08\/38802546_312116702867933_7681878209549303808_n-768x432.jpg 768w\" sizes=\"(max-width: 960px) 100vw, 960px\" \/><img decoding=\"async\" loading=\"lazy\" class=\"aligncenter size-full wp-image-926\" src=\"http:\/\/www.karate-sochaczew.pl\/wp-content\/uploads\/2018\/08\/39008954_2042571045774271_5664400270956691456_n.jpg\" alt=\"39008954_2042571045774271_5664400270956691456_n\" width=\"960\" height=\"540\" srcset=\"http:\/\/www.karate-sochaczew.pl\/wp-content\/uploads\/2018\/08\/39008954_2042571045774271_5664400270956691456_n.jpg 960w, http:\/\/www.karate-sochaczew.pl\/wp-content\/uploads\/2018\/08\/39008954_2042571045774271_5664400270956691456_n-300x169.jpg 300w, http:\/\/www.karate-sochaczew.pl\/wp-content\/uploads\/2018\/08\/39008954_2042571045774271_5664400270956691456_n-768x432.jpg 768w\" sizes=\"(max-width: 960px) 100vw, 960px\" \/><img decoding=\"async\" loading=\"lazy\" class=\"aligncenter size-full wp-image-927\" src=\"http:\/\/www.karate-sochaczew.pl\/wp-content\/uploads\/2018\/08\/38910351_308336423234460_4696963938414231552_n.jpg\" alt=\"38910351_308336423234460_4696963938414231552_n\" width=\"960\" height=\"540\" srcset=\"http:\/\/www.karate-sochaczew.pl\/wp-content\/uploads\/2018\/08\/38910351_308336423234460_4696963938414231552_n.jpg 960w, http:\/\/www.karate-sochaczew.pl\/wp-content\/uploads\/2018\/08\/38910351_308336423234460_4696963938414231552_n-300x169.jpg 300w, http:\/\/www.karate-sochaczew.pl\/wp-content\/uploads\/2018\/08\/38910351_308336423234460_4696963938414231552_n-768x432.jpg 768w\" sizes=\"(max-width: 960px) 100vw, 960px\" \/><\/p>\n","protected":false},"excerpt":{"rendered":"<p>W dniach 6 &#8211; 10 sierpnia Karate Klub Sochaczew organizowa\u0142 Wakacje z Karate. W p\u00f3\u0142koloniach udzia\u0142 wzi\u0119\u0142o 30 os\u00f3b. Pi\u0119kna Letnia pogoda towarzyszy\u0142a nam do samego ko\u0144ca. Opr\u00f3cz trening\u00f3w karate, dzieci uczestniczy\u0142y w zaj\u0119ciach sportowych na sali szkolnej oraz na powietrzu. Byli\u015bmy m. in. w kinie, na basenie, w muzeum motoryzacji, na lodach oraz w pizzerii. W ramach atrakcji mieli\u015bmy<\/p>\n","protected":false},"author":1,"featured_media":0,"comment_status":"closed","ping_status":"closed","sticky":false,"template":"","format":"standard","meta":[],"categories":[1],"tags":[],"_links":{"self":[{"href":"http:\/\/www.karate-sochaczew.pl\/index.php\/wp-json\/wp\/v2\/posts\/914"}],"collection":[{"href":"http:\/\/www.karate-sochaczew.pl\/index.php\/wp-json\/wp\/v2\/posts"}],"about":[{"href":"http:\/\/www.karate-sochaczew.pl\/index.php\/wp-json\/wp\/v2\/types\/post"}],"author":[{"embeddable":true,"href":"http:\/\/www.karate-sochaczew.pl\/index.php\/wp-json\/wp\/v2\/users\/1"}],"replies":[{"embeddable":true,"href":"http:\/\/www.karate-sochaczew.pl\/index.php\/wp-json\/wp\/v2\/comments?post=914"}],"version-history":[{"count":1,"href":"http:\/\/www.karate-sochaczew.pl\/index.php\/wp-json\/wp\/v2\/posts\/914\/revisions"}],"predecessor-version":[{"id":928,"href":"http:\/\/www.karate-sochaczew.pl\/index.php\/wp-json\/wp\/v2\/posts\/914\/revisions\/928"}],"wp:attachment":[{"href":"http:\/\/www.karate-sochaczew.pl\/index.php\/wp-json\/wp\/v2\/media?parent=914"}],"wp:term":[{"taxonomy":"category","embeddable":true,"href":"http:\/\/www.karate-sochaczew.pl\/index.php\/wp-json\/wp\/v2\/categories?post=914"},{"taxonomy":"post_tag","embeddable":true,"href":"http:\/\/www.karate-sochaczew.pl\/index.php\/wp-json\/wp\/v2\/tags?post=914"}],"curies":[{"name":"wp","href":"https:\/\/api.w.org\/{rel}","templated":true}]}}