{"id":983,"date":"2018-09-22T13:48:32","date_gmt":"2018-09-22T11:48:32","guid":{"rendered":"http:\/\/www.karate-sochaczew.pl\/?p=983"},"modified":"2018-09-30T23:33:35","modified_gmt":"2018-09-30T21:33:35","slug":"a-czy-ty-juz-zapisales-swoje-dziecko-na-zajecia-sportowe-zapraszamy","status":"publish","type":"post","link":"http:\/\/www.karate-sochaczew.pl\/index.php\/2018\/09\/22\/a-czy-ty-juz-zapisales-swoje-dziecko-na-zajecia-sportowe-zapraszamy\/","title":{"rendered":"A czy Ty ju\u017c zapisa\u0142e\u015b swoje Dziecko na zaj\u0119cia sportowe? Zapraszamy"},"content":{"rendered":"<p><img decoding=\"async\" loading=\"lazy\" class=\"aligncenter size-full wp-image-987\" src=\"http:\/\/www.karate-sochaczew.pl\/wp-content\/uploads\/2018\/09\/pl1ogolne-caly-klub-1.jpg\" alt=\"pl1ogolne caly klub\" width=\"679\" height=\"960\" srcset=\"http:\/\/www.karate-sochaczew.pl\/wp-content\/uploads\/2018\/09\/pl1ogolne-caly-klub-1.jpg 679w, http:\/\/www.karate-sochaczew.pl\/wp-content\/uploads\/2018\/09\/pl1ogolne-caly-klub-1-212x300.jpg 212w\" sizes=\"(max-width: 679px) 100vw, 679px\" \/><\/p>\n","protected":false},"excerpt":{"rendered":"","protected":false},"author":1,"featured_media":0,"comment_status":"closed","ping_status":"closed","sticky":false,"template":"","format":"standard","meta":[],"categories":[1],"tags":[],"_links":{"self":[{"href":"http:\/\/www.karate-sochaczew.pl\/index.php\/wp-json\/wp\/v2\/posts\/983"}],"collection":[{"href":"http:\/\/www.karate-sochaczew.pl\/index.php\/wp-json\/wp\/v2\/posts"}],"about":[{"href":"http:\/\/www.karate-sochaczew.pl\/index.php\/wp-json\/wp\/v2\/types\/post"}],"author":[{"embeddable":true,"href":"http:\/\/www.karate-sochaczew.pl\/index.php\/wp-json\/wp\/v2\/users\/1"}],"replies":[{"embeddable":true,"href":"http:\/\/www.karate-sochaczew.pl\/index.php\/wp-json\/wp\/v2\/comments?post=983"}],"version-history":[{"count":3,"href":"http:\/\/www.karate-sochaczew.pl\/index.php\/wp-json\/wp\/v2\/posts\/983\/revisions"}],"predecessor-version":[{"id":989,"href":"http:\/\/www.karate-sochaczew.pl\/index.php\/wp-json\/wp\/v2\/posts\/983\/revisions\/989"}],"wp:attachment":[{"href":"http:\/\/www.karate-sochaczew.pl\/index.php\/wp-json\/wp\/v2\/media?parent=983"}],"wp:term":[{"taxonomy":"category","embeddable":true,"href":"http:\/\/www.karate-sochaczew.pl\/index.php\/wp-json\/wp\/v2\/categories?post=983"},{"taxonomy":"post_tag","embeddable":true,"href":"http:\/\/www.karate-sochaczew.pl\/index.php\/wp-json\/wp\/v2\/tags?post=983"}],"curies":[{"name":"wp","href":"https:\/\/api.w.org\/{rel}","templated":true}]}}