{"id":999,"date":"2018-10-31T07:32:09","date_gmt":"2018-10-31T06:32:09","guid":{"rendered":"http:\/\/www.karate-sochaczew.pl\/?p=999"},"modified":"2018-10-31T07:32:09","modified_gmt":"2018-10-31T06:32:09","slug":"karatecy-z-naszego-klubu-swietnie-spisali-sie-na-warszawskiej-olimpiadzie-mlodziezy","status":"publish","type":"post","link":"http:\/\/www.karate-sochaczew.pl\/index.php\/2018\/10\/31\/karatecy-z-naszego-klubu-swietnie-spisali-sie-na-warszawskiej-olimpiadzie-mlodziezy\/","title":{"rendered":"Karatecy z naszego Klubu \u015aWIETNIE spisali si\u0119 na Warszawskiej Olimpiadzie M\u0142odzie\u017cy"},"content":{"rendered":"<p>UWAGA!!!<span class=\"_5mfr\"><span class=\"_6qdm\">?<\/span><\/span>Mamy wspania\u0142e wie\u015bci z Warszawskiej Olimpiady M\u0142odzie\u017cy, kt\u00f3ra odby\u0142a si\u0119 w niedziel\u0119 21 pa\u017adziernika w Warszawie. Karatecy<span class=\"_5mfr\"><span class=\"_6qdm\">?<\/span><\/span><span class=\"_5mfr\"><span class=\"_6qdm\">?<\/span><\/span><span class=\"_5mfr\"><span class=\"_6qdm\">?<\/span><\/span>\u00a0z naszego Karate Klub Sochaczew bardzo dobrze zaprezentowali si\u0119 w grupie ponad 270 startuj\u0105cych zawodnik\u00f3w z mazowieckich klub\u00f3w. W kata indywidualnym pierwsze miejsca w swoich rocznikach zaj\u0119li<br \/>\n<span class=\"_5mfr\"><span class=\"_6qdm\">?<\/span><\/span>Patrycja Stopczy\u0144ska<br \/>\n<span class=\"_5mfr\"><span class=\"_6qdm\">?<\/span><\/span>Weronika Wilczy\u0144ska<br \/>\n<span class=\"_5mfr\"><span class=\"_6qdm\">?<\/span><\/span>Kuba \u015awi\u0105tkowski<br \/>\n<span class=\"_5mfr\"><span class=\"_6qdm\">?<\/span><\/span>Piotr Grajewski.\u00a0<span class=\"text_exposed_show\"><br \/>\nDrugie miejsce zaj\u0119li<br \/>\n<span class=\"_5mfr\"><span class=\"_6qdm\">?<\/span><\/span>Bianka Kosmalska<br \/>\n<span class=\"_5mfr\"><span class=\"_6qdm\">?<\/span><\/span>\u00a0MAJA Kononowicz .<br \/>\nTrzecie miejsce zaj\u0119li<br \/>\n<span class=\"_5mfr\"><span class=\"_6qdm\">?<\/span><\/span>\u00a0Iwo Kubik<br \/>\n<span class=\"_5mfr\"><span class=\"_6qdm\">?<\/span><\/span>\u00a0Marcel Kawecki<br \/>\n<span class=\"_5mfr\"><span class=\"_6qdm\">?<\/span><\/span>\u00a0Alan Uraszewski.<br \/>\nTu\u017c za podium IV miejsce w konkurencjach ind. zaj\u0119li Liliana Kononowicz, Amelia Jaskulska, Tymon Kochan. W konkurencjach dru\u017cynowych 2 miejsce zaj\u0119\u0142y dru\u017cyny kata w sk\u0142adzie ch\u0142opcy grupa AB<br \/>\n<span class=\"_5mfr\"><span class=\"_6qdm\">?<\/span><\/span>Adam Dudzi\u0144ski, Kuba \u015awi\u0105tkowski, Alan Uraszewski,<br \/>\ngrupa CD<br \/>\n<span class=\"_5mfr\"><span class=\"_6qdm\">?<\/span><\/span>Piotr Grajewski, Iwo Kubik, Tymon Kochan,<br \/>\ndziewczynki grupa AB<br \/>\n<span class=\"_5mfr\"><span class=\"_6qdm\">?<\/span><\/span>\u00a0Patrycja Wilczy\u0144ska, Patrycja Stopczy\u0144ska, Bianka Kosmalska.<br \/>\nTu\u017c za podium w kata uplasowa\u0142y si\u0119 na 4 miejscu Anna Wysocka, Weronika Wilczy\u0144ska, Maja Kononowicz.\u00a0 Wszystkim serdecznie gratulujemy i dzi\u0119kujemy.\u00a0<span class=\"_5mfr\"><span class=\"_6qdm\">?<\/span><\/span><\/span><\/p>\n<p><img decoding=\"async\" loading=\"lazy\" class=\"aligncenter size-full wp-image-1001\" src=\"http:\/\/www.karate-sochaczew.pl\/wp-content\/uploads\/2018\/10\/1.jpg\" alt=\"1\" width=\"2048\" height=\"1152\" srcset=\"http:\/\/www.karate-sochaczew.pl\/wp-content\/uploads\/2018\/10\/1.jpg 2048w, http:\/\/www.karate-sochaczew.pl\/wp-content\/uploads\/2018\/10\/1-300x169.jpg 300w, http:\/\/www.karate-sochaczew.pl\/wp-content\/uploads\/2018\/10\/1-768x432.jpg 768w, http:\/\/www.karate-sochaczew.pl\/wp-content\/uploads\/2018\/10\/1-1024x576.jpg 1024w\" sizes=\"(max-width: 2048px) 100vw, 2048px\" \/><img decoding=\"async\" loading=\"lazy\" class=\"aligncenter size-full wp-image-1003\" src=\"http:\/\/www.karate-sochaczew.pl\/wp-content\/uploads\/2018\/10\/3.jpg\" alt=\"3\" width=\"638\" height=\"480\" srcset=\"http:\/\/www.karate-sochaczew.pl\/wp-content\/uploads\/2018\/10\/3.jpg 638w, http:\/\/www.karate-sochaczew.pl\/wp-content\/uploads\/2018\/10\/3-300x226.jpg 300w\" sizes=\"(max-width: 638px) 100vw, 638px\" \/><\/p>\n<p><img decoding=\"async\" loading=\"lazy\" class=\"aligncenter size-full wp-image-1004\" src=\"http:\/\/www.karate-sochaczew.pl\/wp-content\/uploads\/2018\/10\/5.jpg\" alt=\"5\" width=\"1569\" height=\"2048\" srcset=\"http:\/\/www.karate-sochaczew.pl\/wp-content\/uploads\/2018\/10\/5.jpg 1569w, http:\/\/www.karate-sochaczew.pl\/wp-content\/uploads\/2018\/10\/5-230x300.jpg 230w, http:\/\/www.karate-sochaczew.pl\/wp-content\/uploads\/2018\/10\/5-768x1002.jpg 768w, http:\/\/www.karate-sochaczew.pl\/wp-content\/uploads\/2018\/10\/5-785x1024.jpg 785w\" sizes=\"(max-width: 1569px) 100vw, 1569px\" \/><img decoding=\"async\" loading=\"lazy\" class=\"aligncenter size-full wp-image-1006\" src=\"http:\/\/www.karate-sochaczew.pl\/wp-content\/uploads\/2018\/10\/44719440_259291864789676_811568262813843456_n.jpg\" alt=\"44719440_259291864789676_811568262813843456_n\" width=\"960\" height=\"640\" srcset=\"http:\/\/www.karate-sochaczew.pl\/wp-content\/uploads\/2018\/10\/44719440_259291864789676_811568262813843456_n.jpg 960w, http:\/\/www.karate-sochaczew.pl\/wp-content\/uploads\/2018\/10\/44719440_259291864789676_811568262813843456_n-300x200.jpg 300w, http:\/\/www.karate-sochaczew.pl\/wp-content\/uploads\/2018\/10\/44719440_259291864789676_811568262813843456_n-768x512.jpg 768w\" sizes=\"(max-width: 960px) 100vw, 960px\" \/><\/p>\n","protected":false},"excerpt":{"rendered":"<p>UWAGA!!!?Mamy wspania\u0142e wie\u015bci z Warszawskiej Olimpiady M\u0142odzie\u017cy, kt\u00f3ra odby\u0142a si\u0119 w niedziel\u0119 21 pa\u017adziernika w Warszawie. Karatecy???\u00a0z naszego Karate Klub Sochaczew bardzo dobrze zaprezentowali si\u0119 w grupie ponad 270 startuj\u0105cych zawodnik\u00f3w z mazowieckich klub\u00f3w. W kata indywidualnym pierwsze miejsca w swoich rocznikach zaj\u0119li ?Patrycja Stopczy\u0144ska ?Weronika Wilczy\u0144ska ?Kuba \u015awi\u0105tkowski ?Piotr Grajewski.\u00a0 Drugie miejsce zaj\u0119li ?Bianka Kosmalska ?\u00a0MAJA Kononowicz . Trzecie<\/p>\n","protected":false},"author":1,"featured_media":0,"comment_status":"closed","ping_status":"closed","sticky":false,"template":"","format":"standard","meta":[],"categories":[1],"tags":[],"_links":{"self":[{"href":"http:\/\/www.karate-sochaczew.pl\/index.php\/wp-json\/wp\/v2\/posts\/999"}],"collection":[{"href":"http:\/\/www.karate-sochaczew.pl\/index.php\/wp-json\/wp\/v2\/posts"}],"about":[{"href":"http:\/\/www.karate-sochaczew.pl\/index.php\/wp-json\/wp\/v2\/types\/post"}],"author":[{"embeddable":true,"href":"http:\/\/www.karate-sochaczew.pl\/index.php\/wp-json\/wp\/v2\/users\/1"}],"replies":[{"embeddable":true,"href":"http:\/\/www.karate-sochaczew.pl\/index.php\/wp-json\/wp\/v2\/comments?post=999"}],"version-history":[{"count":1,"href":"http:\/\/www.karate-sochaczew.pl\/index.php\/wp-json\/wp\/v2\/posts\/999\/revisions"}],"predecessor-version":[{"id":1007,"href":"http:\/\/www.karate-sochaczew.pl\/index.php\/wp-json\/wp\/v2\/posts\/999\/revisions\/1007"}],"wp:attachment":[{"href":"http:\/\/www.karate-sochaczew.pl\/index.php\/wp-json\/wp\/v2\/media?parent=999"}],"wp:term":[{"taxonomy":"category","embeddable":true,"href":"http:\/\/www.karate-sochaczew.pl\/index.php\/wp-json\/wp\/v2\/categories?post=999"},{"taxonomy":"post_tag","embeddable":true,"href":"http:\/\/www.karate-sochaczew.pl\/index.php\/wp-json\/wp\/v2\/tags?post=999"}],"curies":[{"name":"wp","href":"https:\/\/api.w.org\/{rel}","templated":true}]}}